{"id":1345,"date":"2021-09-11T06:47:38","date_gmt":"2021-09-11T04:47:38","guid":{"rendered":"http:\/\/cyrille.largillier.org\/sitewp\/?p=1345"},"modified":"2021-09-11T06:47:40","modified_gmt":"2021-09-11T04:47:40","slug":"reequilibrage","status":"publish","type":"post","link":"https:\/\/cyrille.largillier.org\/sitewp\/2021\/09\/11\/reequilibrage\/","title":{"rendered":"R\u00e9\u00e9quilibrage"},"content":{"rendered":"\n<p>Ce n&rsquo;est pas une habitude du site mais voici un article plus personnel. <\/p>\n\n\n\n<h2 class=\"wp-block-heading\">\u00c9tat des lieux<\/h2>\n\n\n\n<p>\u00a0Le 3 janvier 2021, je monte sur mon p\u00e8se personne pour la premi\u00e8re fois depuis plus de vingt ans. Pourquoi avoir attendu si longtemps ? Tout simplement parce que je savais que je grossissais et que je ne voyais pas l&rsquo;utilit\u00e9 de me peser tant que je n&rsquo;avais pas perdu du poids.<\/p>\n\n\n\n<p>Une mani\u00e8re de me voiler la face peut-\u00eatre.<\/p>\n\n\n\n<p>La sentence est tomb\u00e9e 95,5 kg. 95,5 kg pour un homme de 41 ans de 1m79. Un rapide calcul m&rsquo;attribue alors un IMC de 29,8, \u00e0 deux doigts (potel\u00e9s) de l&rsquo;ob\u00e9sit\u00e9.<\/p>\n\n\n\n<div class=\"wp-block-image\"><figure class=\"aligncenter size-full\"><img loading=\"lazy\" decoding=\"async\" width=\"800\" height=\"533\" src=\"https:\/\/cyrille.largillier.org\/sitewp\/wp-content\/uploads\/2021\/09\/800px-Feet_on_scale.jpg\" alt=\"\" class=\"wp-image-1346\" srcset=\"https:\/\/cyrille.largillier.org\/sitewp\/wp-content\/uploads\/2021\/09\/800px-Feet_on_scale.jpg 800w, https:\/\/cyrille.largillier.org\/sitewp\/wp-content\/uploads\/2021\/09\/800px-Feet_on_scale-300x200.jpg 300w, https:\/\/cyrille.largillier.org\/sitewp\/wp-content\/uploads\/2021\/09\/800px-Feet_on_scale-768x512.jpg 768w\" sizes=\"auto, (max-width: 800px) 100vw, 800px\" \/><figcaption>Auteur : Bill Branson, National Cancer Institute &#8211; Domaine public<\/figcaption><\/figure><\/div>\n\n\n\n<p>Je savais que j&rsquo;\u00e9tais gros mais pas \u00e0 ce point. Le mot ob\u00e8se raisonne n\u00e9gativement dans ma t\u00eate.<\/p>\n\n\n\n<p>Ce d\u00e9clic arrive dans un moment tr\u00e8s particulier pour moi. Mon meilleur ami, sportif, sans surpoids, est dans le coma depuis quelques semaines suite \u00e0 un probl\u00e8me cardiaque. Nous ne savons alors pas \u00e0 ce moment de quel c\u00f4t\u00e9 penchera la balance.<\/p>\n\n\n\n<h2 class=\"wp-block-heading\"><br>La mise en \u0153uvre<\/h2>\n\n\n\n<p>J&rsquo;avais quelques certitudes. Je ne voulais surtout pas faire de r\u00e9gime. Je ne veux pas avoir de sentiment de privation, pas de frustration.<\/p>\n\n\n\n<p>J&rsquo;en ai \u00e9galement parl\u00e9 \u00e0 personne au d\u00e9but. Je ne voulais pas me mettre de pression inutile. <br><\/p>\n\n\n\n<p>Mon premier pr\u00e9cepte : prendre le temps de manger, prendre de petites bouch\u00e9es et surtout de bien m\u00e2cher les aliments. Bien m\u00e2cher est d\u00e9j\u00e0 un tr\u00e8s bon alli\u00e9 pour ma digestion. Mais dans l&rsquo;objectif d&rsquo;une perte de poids, la mastication donne une sensation de sati\u00e9t\u00e9 beaucoup plus rapide.<br><\/p>\n\n\n\n<p>Autre astuce mise en place : boire de l&rsquo;eau avant chaque prise de repas.<br><\/p>\n\n\n\n<p>Au niveau du go\u00fbter, j&rsquo;avais la f\u00e2cheuse habitude de manger au minimum la moiti\u00e9 d&rsquo;un paquet de g\u00e2teaux industriels, le plus souvent au chocolat. Depuis le mois de janvier, je n&rsquo;ai plus touch\u00e9 \u00e0 un seul g\u00e2teau industriel. Je les ai remplac\u00e9s par des fruits : pommes, bananes, oranges&#8230;Je ne\u00a0 me prive pas pour autant de g\u00e2teaux, gaufres, cr\u00eapes&#8230; Mais uniquement ceux que je fais et ponctuellement.<br><\/p>\n\n\n\n<p>Pour le petit d\u00e9jeuner, je prenais des brioches ou des madeleines, au moins 1 verre et demi de jus de fruits, des c\u00e9r\u00e9ales chocolat\u00e9es avec du lait.Mon petit d\u00e9jeuner nouvelle version est compos\u00e9 de c\u00e9r\u00e9ales (de type corn flakes) avec du lait, de l&rsquo;eau et du pain.<br><\/p>\n\n\n\n<p>Au niveau des repas, je n&rsquo;utilisais d\u00e9j\u00e0 pas beaucoup de mati\u00e8re grasse pour cuisiner. J&rsquo;ai conserv\u00e9 bien \u00e9videmment cette habitude.J&rsquo;ai modifi\u00e9 quelques r\u00e8gles de fonctionnement. Grand amateur de fromage, je me suis restreint \u00e0 deux morceaux , soit le midi de pr\u00e9f\u00e9rence, soit le soir.<\/p>\n\n\n\n<p><\/p>\n\n\n\n<p>J&rsquo;essaie au maximum d&rsquo;alterner un repas avec f\u00e9culent, un repas avec des l\u00e9gumes. Dans beaucoup de r\u00e9gimes, on peut lire qu&rsquo;il faut manger des f\u00e9culents et des l\u00e9gumes \u00e0 chaque repas. Cela fonctionne peut \u00eatre pour certains, mais personnellement cela me ferait juste manger des l\u00e9gumes en plus des f\u00e9culents \u00e0 chaque repas.<\/p>\n\n\n\n<p><\/p>\n\n\n\n<p>Pour le dessert, le plus souvent je prends un yaourt nature, parfois aux fruits. En tout cas plus de cr\u00e8me dessert.\u00a0<\/p>\n\n\n\n<p><\/p>\n\n\n\n<p>Progressivement, j&rsquo;ai diminu\u00e9 la quantit\u00e9 de sucre vers\u00e9e dans mon yaourt nature. Aujourd&rsquo;hui, je n&rsquo;en n&rsquo;ai plus besoin. Par contre, j&rsquo;ai choisi un yaourt nature qualitatif avec du go\u00fbt : celui de la marque des consommateurs, C&rsquo;est qui le patron.<\/p>\n\n\n\n<p><\/p>\n\n\n\n<p>Au niveau boisson, je ne prenais d\u00e9j\u00e0 pas d&rsquo;alcool et peu de sodas. D\u00e9sormais c&rsquo;est quasiment 100% d&rsquo;eau.<\/p>\n\n\n\n<p><br><\/p>\n\n\n\n<p>Autre habitude que j&rsquo;ai chang\u00e9e : prendre du chocolat apr\u00e8s le repas voire m\u00eame en cours de journ\u00e9e. J&rsquo;ai test\u00e9 la suppression du chocolat. Comme je ne sentais pas de manque, je continue.<br><\/p>\n\n\n\n<p>Et puis j&rsquo;\u00e9tais d\u00e9cid\u00e9 \u00e0 faire les pas que mon meilleur ami tant qu&rsquo;il ne pouvait pas les faire. Chaque jour : 6000 pas pour lui, 6000 pas pour moi.<\/p>\n\n\n\n<h2 class=\"wp-block-heading\"><br>R\u00e9sultats<\/h2>\n\n\n\n<p>\u00c0 ce jour, au bout de 9 mois de r\u00e9\u00e9quilibrage, j&rsquo;en suis \u00e0 20 kg de perdus, la menace de l&rsquo;ob\u00e9sit\u00e9 s&rsquo;est \u00e9loign\u00e9e. Je suis pass\u00e9 sous la barre des 75 kg et j&rsquo;ai maintenant un IMC normal. Les derniers kilos perdus se perdent \u00e9videmment plus lentement.<\/p>\n\n\n\n<div class=\"wp-block-image\"><figure class=\"aligncenter size-full\"><img loading=\"lazy\" decoding=\"async\" width=\"643\" height=\"434\" src=\"https:\/\/cyrille.largillier.org\/sitewp\/wp-content\/uploads\/2021\/09\/courbe-poids.png\" alt=\"\" class=\"wp-image-1347\" srcset=\"https:\/\/cyrille.largillier.org\/sitewp\/wp-content\/uploads\/2021\/09\/courbe-poids.png 643w, https:\/\/cyrille.largillier.org\/sitewp\/wp-content\/uploads\/2021\/09\/courbe-poids-300x202.png 300w\" sizes=\"auto, (max-width: 643px) 100vw, 643px\" \/><figcaption>Ma courbe de poids<\/figcaption><\/figure><\/div>\n\n\n\n<h2 class=\"wp-block-heading\">Changer de regard<\/h2>\n\n\n\n<p>\u00c9videmment changer de regard sur soi d&rsquo;abord. Il n&rsquo;est pas \u00e9vident de voir \u00e0 quel points on est gros ni de prendre conscience de sa perte de poids.<\/p>\n\n\n\n<p>Un des risques quand une perte de poids fonctionne peut-\u00eatre d&rsquo;avoir un regard s\u00e9v\u00e8re envers les personnes en surpoids et se demander pourquoi elles ne maigrissent pas aussi. Ce jugement h\u00e2tif doit \u00eatre vite recadrer par deux id\u00e9es importantes :<\/p>\n\n\n\n<ul class=\"wp-block-list\"><li>Nous sommes tous diff\u00e9rents et un r\u00e9\u00e9quilibrage peut tr\u00e8s bien fonctionner avec une personne mais pas avec une autre.<\/li><\/ul>\n\n\n\n<ul class=\"wp-block-list\"><li>Il n&rsquo;y a aucune obligation \u00e0 ne pas \u00eatre en surpoids. Chaque personne a le droit de sentir bien dans sa peau avec le poids qu&rsquo;elle a sans chercher forc\u00e9ment \u00e0 maigrir.<\/li><\/ul>\n\n\n\n<p><\/p>\n\n\n\n<h2 class=\"wp-block-heading\">Exercices physiques simples<\/h2>\n\n\n\n<p>J&rsquo;essaie en parall\u00e8le de faire de petits exercices simples (je n&rsquo;ai jamais \u00e9t\u00e9 un grand sportif dans l&rsquo;\u00e2me) pour que le ventre ne soit pas trop flasque.<\/p>\n\n\n\n<p>J&rsquo;en ai test\u00e9 diff\u00e9rents, mais ceux qui me correspondent le plus sont :<\/p>\n\n\n\n<ul class=\"wp-block-list\"><li>la planche abdominale<\/li><li>exercices d&rsquo;abdominaux hypopressifs fond\u00e9s sur la respiration<\/li><\/ul>\n\n\n\n<p><\/p>\n\n\n\n<h2 class=\"wp-block-heading\">Bilan<\/h2>\n\n\n\n<p>Je n&rsquo;en n&rsquo;ai qu&rsquo;un qui importe vraiment : mon meilleur ami va plut\u00f4t bien.<\/p>\n","protected":false},"excerpt":{"rendered":"<p>Ce n&rsquo;est pas une habitude du site mais voici un article plus personnel. \u00c9tat des lieux \u00a0Le 3 janvier 2021, je monte sur mon p\u00e8se personne pour la premi\u00e8re fois depuis plus de vingt&#46;&#46;&#46;<\/p>\n","protected":false},"author":1,"featured_media":1346,"comment_status":"open","ping_status":"open","sticky":false,"template":"","format":"standard","meta":{"inline_featured_image":false,"footnotes":""},"categories":[93],"tags":[],"class_list":["post-1345","post","type-post","status-publish","format-standard","has-post-thumbnail","hentry","category-billet-dhumeur"],"_links":{"self":[{"href":"https:\/\/cyrille.largillier.org\/sitewp\/wp-json\/wp\/v2\/posts\/1345","targetHints":{"allow":["GET"]}}],"collection":[{"href":"https:\/\/cyrille.largillier.org\/sitewp\/wp-json\/wp\/v2\/posts"}],"about":[{"href":"https:\/\/cyrille.largillier.org\/sitewp\/wp-json\/wp\/v2\/types\/post"}],"author":[{"embeddable":true,"href":"https:\/\/cyrille.largillier.org\/sitewp\/wp-json\/wp\/v2\/users\/1"}],"replies":[{"embeddable":true,"href":"https:\/\/cyrille.largillier.org\/sitewp\/wp-json\/wp\/v2\/comments?post=1345"}],"version-history":[{"count":0,"href":"https:\/\/cyrille.largillier.org\/sitewp\/wp-json\/wp\/v2\/posts\/1345\/revisions"}],"wp:featuredmedia":[{"embeddable":true,"href":"https:\/\/cyrille.largillier.org\/sitewp\/wp-json\/wp\/v2\/media\/1346"}],"wp:attachment":[{"href":"https:\/\/cyrille.largillier.org\/sitewp\/wp-json\/wp\/v2\/media?parent=1345"}],"wp:term":[{"taxonomy":"category","embeddable":true,"href":"https:\/\/cyrille.largillier.org\/sitewp\/wp-json\/wp\/v2\/categories?post=1345"},{"taxonomy":"post_tag","embeddable":true,"href":"https:\/\/cyrille.largillier.org\/sitewp\/wp-json\/wp\/v2\/tags?post=1345"}],"curies":[{"name":"wp","href":"https:\/\/api.w.org\/{rel}","templated":true}]}}