{"id":1865,"date":"2023-08-28T16:10:21","date_gmt":"2023-08-28T14:10:21","guid":{"rendered":"https:\/\/cyrille.largillier.org\/sitewp\/?p=1865"},"modified":"2023-09-01T22:50:33","modified_gmt":"2023-09-01T20:50:33","slug":"les-evenements-de-lannee","status":"publish","type":"post","link":"https:\/\/cyrille.largillier.org\/sitewp\/2023\/08\/28\/les-evenements-de-lannee\/","title":{"rendered":"Les \u00e9v\u00e9nements de l&rsquo;ann\u00e9e"},"content":{"rendered":"\n<p>Il y a de nombreuses journ\u00e9es ou semaines, nationales ou mondiales&#8230; qui rythment une ann\u00e9e scolaire. Sans transformer son ann\u00e9e en succession de journ\u00e9es sp\u00e9cifiques, certaines peuvent \u00eatre int\u00e9ressantes \u00e0 connaitre pour servir de pr\u00e9texte pour travailler sp\u00e9cifiquement tel ou tel domaine.<\/p>\n\n\n\n<p>\u00c9v\u00e9nements marquants sur l&rsquo;ann\u00e9e<\/p>\n\n\n\n<h3 class=\"wp-block-heading\" id=\"h-journee-mondiale-des-premiers-secours\">Journ\u00e9e mondiale des premiers secours<\/h3>\n\n\n\n<p>9 septembre<\/p>\n\n\n\n<h3 class=\"wp-block-heading\" id=\"h-les-enfants-du-patrimoine\">Les enfants du patrimoine<\/h3>\n\n\n\n<p>15 septembre (en pr\u00e9lude aux journ\u00e9es du patrimoine, les 16 et 17)<\/p>\n\n\n\n<h3 class=\"wp-block-heading\" id=\"h-semaine-du-developpement-durable\">Semaine du d\u00e9veloppement durable<\/h3>\n\n\n\n<p>18 septembre au 8 octobre<\/p>\n\n\n\n<h3 class=\"wp-block-heading\" id=\"h-journee-mondiale-des-enseignants\">Journ\u00e9e mondiale des enseignants<\/h3>\n\n\n\n<p>5 octobre<\/p>\n\n\n\n<h3 class=\"wp-block-heading\" id=\"h-fete-de-la-science\">F\u00eate de la science<\/h3>\n\n\n\n<p>6 au 16 octobre<\/p>\n\n\n\n<h3 class=\"wp-block-heading\">Semaine du go\u00fbt<\/h3>\n\n\n\n<p>16 au 22 octobre<\/p>\n\n\n\n<h3 class=\"wp-block-heading\" id=\"h-journee-de-lutte-contre-le-harcelement-scolaire\">Journ\u00e9e de lutte contre le harc\u00e8lement scolaire<\/h3>\n\n\n\n<p>9 novembre 2023 Et si l&rsquo;autre c&rsquo;\u00e9tait toi ?<\/p>\n\n\n\n<h3 class=\"wp-block-heading\" id=\"h-nuits-de-la-lecture\">Nuits de la lecture<\/h3>\n\n\n\n<p>18 au 21 janvier Sur le corps<\/p>\n\n\n\n<h3 class=\"wp-block-heading\" id=\"h-journee-internationale-des-droits-de-lhomme\">Journ\u00e9e internationale des droits de l&rsquo;homme<\/h3>\n\n\n\n<p>10 d\u00e9cembre<\/p>\n\n\n\n<h3 class=\"wp-block-heading\" id=\"h-journee-internationale-de-leducation\">Journ\u00e9e internationale de l&rsquo;\u00e9ducation<\/h3>\n\n\n\n<p>24 janvier<\/p>\n\n\n\n<h3 class=\"wp-block-heading\" id=\"h-journee-mondiale-des-cancers-de-lenfant\">Journ\u00e9e mondiale des cancers de l&rsquo;enfant<\/h3>\n\n\n\n<p>15 f\u00e9vrier<\/p>\n\n\n\n<h3 class=\"wp-block-heading\" id=\"h-journee-internationale-du-droit-des-femmes\">Journ\u00e9e internationale du droit des femmes<\/h3>\n\n\n\n<p>8 mars<\/p>\n\n\n\n<h3 class=\"wp-block-heading\" id=\"h-printemps-de-poetes\">Printemps de Po\u00e8tes<\/h3>\n\n\n\n<p>9 au 25 mars<\/p>\n\n\n\n<p>La Gr\u00e2ce<\/p>\n\n\n\n<h3 class=\"wp-block-heading\" id=\"h-journee-internationale-des-mathematiques\">Journ\u00e9e internationale des math\u00e9matiques<\/h3>\n\n\n\n<p>14 mars<\/p>\n\n\n\n<h3 class=\"wp-block-heading\" id=\"h-journee-nationale-du-sommeil\">Journ\u00e9e nationale du sommeil<\/h3>\n\n\n\n<p>17 mars<\/p>\n\n\n\n<h3 class=\"wp-block-heading\" id=\"h-journee-mondiale-du-conte\">Journ\u00e9e mondiale du conte<\/h3>\n\n\n\n<p>20 mars<\/p>\n\n\n\n<h3 class=\"wp-block-heading\" id=\"h-journee-internationale-contre-le-racisme\">Journ\u00e9e internationale contre le racisme<\/h3>\n\n\n\n<p>21 mars<\/p>\n\n\n\n<h3 class=\"wp-block-heading\" id=\"h-journee-mondiale-de-leau\">Journ\u00e9e mondiale de l&rsquo;eau<\/h3>\n\n\n\n<p>22 mars<\/p>\n\n\n\n<h3 class=\"wp-block-heading\" id=\"h-semaine-de-le-presse-et-des-medias-a-lecole\">Semaine de le presse et des m\u00e9dias \u00e0 l&rsquo;\u00e9cole<\/h3>\n\n\n\n<p>Mars &#8211; Avril<\/p>\n\n\n\n<h3 class=\"wp-block-heading\" id=\"h-journee-mondiale-de-lautisme\">Journ\u00e9e mondiale de l&rsquo;autisme<\/h3>\n\n\n\n<p>2 avril<\/p>\n\n\n\n<h3 class=\"wp-block-heading\" id=\"h-journee-mondiale-de-lart\">Journ\u00e9e mondiale de l&rsquo;art<\/h3>\n\n\n\n<p>15 avril<\/p>\n\n\n\n<h3 class=\"wp-block-heading\" id=\"h-semaine-olympique-et-paralympique-a-lecole\">Semaine olympique et paralympique \u00e0 l&rsquo;\u00e9cole<\/h3>\n\n\n\n<p>2 au 6 avril<\/p>\n\n\n\n<h3 class=\"wp-block-heading\" id=\"h-journee-internationale-contre-lhomophobie\">Journ\u00e9e internationale contre l&rsquo;homophobie<\/h3>\n\n\n\n<p>17 mai<\/p>\n\n\n\n<h3 class=\"wp-block-heading\" id=\"h-fete-de-la-nature\">F\u00eate de la nature<\/h3>\n\n\n\n<p>22 au 26 mai<\/p>\n\n\n\n<h3 class=\"wp-block-heading\" id=\"h-journee-mondiale-contre-la-faim\">Journ\u00e9e mondiale contre la faim<\/h3>\n\n\n\n<p>15 juin<\/p>\n\n\n\n<h3 class=\"wp-block-heading\" id=\"h-fete-de-la-musique\">F\u00eate de la musique<\/h3>\n\n\n\n<p>21 juin<\/p>\n","protected":false},"excerpt":{"rendered":"<p>Il y a de nombreuses journ\u00e9es ou semaines, nationales ou mondiales&#8230; qui rythment une ann\u00e9e scolaire. Sans transformer son ann\u00e9e en succession de journ\u00e9es sp\u00e9cifiques, certaines peuvent \u00eatre int\u00e9ressantes \u00e0 connaitre pour servir de&#46;&#46;&#46;<\/p>\n","protected":false},"author":1,"featured_media":1867,"comment_status":"open","ping_status":"open","sticky":false,"template":"","format":"standard","meta":{"inline_featured_image":false,"footnotes":""},"categories":[4,5,6,3,1],"tags":[83,392,369,385,389,358,386,387,87,391,43,44,390,388],"class_list":["post-1865","post","type-post","status-publish","format-standard","has-post-thumbnail","hentry","category-cycle1","category-cycle-2","category-cycle-3","category-ecole","category-non-classe","tag-calendrier","tag-droits","tag-emc","tag-evenement","tag-handicap","tag-harcelement","tag-journee","tag-journee-mondiale","tag-lecture","tag-maladie","tag-mathematiques","tag-maths","tag-patrimoine","tag-poete"],"_links":{"self":[{"href":"https:\/\/cyrille.largillier.org\/sitewp\/wp-json\/wp\/v2\/posts\/1865","targetHints":{"allow":["GET"]}}],"collection":[{"href":"https:\/\/cyrille.largillier.org\/sitewp\/wp-json\/wp\/v2\/posts"}],"about":[{"href":"https:\/\/cyrille.largillier.org\/sitewp\/wp-json\/wp\/v2\/types\/post"}],"author":[{"embeddable":true,"href":"https:\/\/cyrille.largillier.org\/sitewp\/wp-json\/wp\/v2\/users\/1"}],"replies":[{"embeddable":true,"href":"https:\/\/cyrille.largillier.org\/sitewp\/wp-json\/wp\/v2\/comments?post=1865"}],"version-history":[{"count":2,"href":"https:\/\/cyrille.largillier.org\/sitewp\/wp-json\/wp\/v2\/posts\/1865\/revisions"}],"predecessor-version":[{"id":1888,"href":"https:\/\/cyrille.largillier.org\/sitewp\/wp-json\/wp\/v2\/posts\/1865\/revisions\/1888"}],"wp:featuredmedia":[{"embeddable":true,"href":"https:\/\/cyrille.largillier.org\/sitewp\/wp-json\/wp\/v2\/media\/1867"}],"wp:attachment":[{"href":"https:\/\/cyrille.largillier.org\/sitewp\/wp-json\/wp\/v2\/media?parent=1865"}],"wp:term":[{"taxonomy":"category","embeddable":true,"href":"https:\/\/cyrille.largillier.org\/sitewp\/wp-json\/wp\/v2\/categories?post=1865"},{"taxonomy":"post_tag","embeddable":true,"href":"https:\/\/cyrille.largillier.org\/sitewp\/wp-json\/wp\/v2\/tags?post=1865"}],"curies":[{"name":"wp","href":"https:\/\/api.w.org\/{rel}","templated":true}]}}